{"id":3520,"date":"2017-03-08T15:24:42","date_gmt":"2017-03-08T14:24:42","guid":{"rendered":"http:\/\/cundkgalerie.de\/txm\/?p=3520\/"},"modified":"2017-03-28T14:44:54","modified_gmt":"2017-03-28T12:44:54","slug":"januar-maerz-2017","status":"publish","type":"post","link":"https:\/\/cundkgalerie.de\/en\/januar-maerz-2017\/","title":{"rendered":"Matthias Stuchtey<br>Januar &#8211; M\u00e4rz \/ January &#8211; March 2017"},"content":{"rendered":"<p><strong>Matthias Stuchtey<\/strong><br \/>\n&#8220;ON A CLEAR DAY&#8221;<br \/>\nmit Elma Riza, Christiane Rasch<\/p>\n<p>Vernissage\/Private View: Sonntag, 29. Januar 2017, 16 Uhr\/Sunday, January 29, 2017, 4pm<br \/>\nLaufzeit\/Duration: 30. 01. \u2013 05.03.2017<\/p>\n<p>Ort\/Venue: Kunsthaus Essen, R\u00fcbezahlstra\u00dfe 33, 45134 Essen<\/p>\n<p><img loading=\"lazy\" decoding=\"async\" class=\"alignnone size-full wp-image-2986\" src=\"http:\/\/cundkgalerie.de\/wp-content\/uploads\/2013\/01\/Stuchtey_1-neu_a-e1485771769601.jpg\" alt=\"\" width=\"480\" height=\"706\" \/><br \/>\n<strong>Matthias Stuchtey<\/strong><br \/>\n&#8220;SERO&#8221;<\/p>\n<p>Vernissage\/Private View: Sonntag, 15. Januar 2017, 15 Uhr\/Sunday, January 15, 2017, 3pm<br \/>\nLaufzeit\/Duration: 16. 01. \u2013 19.02. 2017<\/p>\n<p>Ort\/Venue: Saarl\u00e4ndisches K\u00fcnstlerhaus Saarbr\u00fccken e.V., Karlstra\u00dfe 1, 66111 Saarbr\u00fccken<\/p>\n<p><img loading=\"lazy\" decoding=\"async\" class=\"alignnone size-full wp-image-2934\" src=\"http:\/\/cundkgalerie.de\/wp-content\/uploads\/2013\/01\/Stuchtey_Sero_Saarbruecken.jpg\" alt=\"\" width=\"378\" height=\"252\" \/><\/p>\n<p><strong>Angelika Arendt<\/strong><br \/>\n&#8220;Die neue Utopie&#8221;<\/p>\n<p>Vernissage\/Private View: Sonntag, 15. Januar 2017, 11.00 bis 17.00 Uhr\/Sunday, January 15, 2017, 11am to 5pm<\/p>\n<p>Laufzeit\/Duration: 16. 01. \u2013 28.02. 2017<\/p>\n<p>Ort\/Venue: GALERIEHAUS NORD, Wurzelbauerstr. 29, 90409 N\u00fcrnberg<\/p>\n<div id=\"attachment_2909\" style=\"width: 520px\" class=\"wp-caption alignnone\"><img loading=\"lazy\" decoding=\"async\" aria-describedby=\"caption-attachment-2909\" class=\"size-full wp-image-2909\" src=\"http:\/\/cundkgalerie.de\/wp-content\/uploads\/2013\/01\/Angelika_Arendt_Gruener_Kreis_2013_297_x_21_cm.jpg\" alt=\"\" width=\"510\" height=\"638\" \/><p id=\"caption-attachment-2909\" class=\"wp-caption-text\">Angelika Arendt, Gr\u00fcner Kreis, Tusche, Aquarell auf Papier\/ink, watercolour on paper, 30 x 21 cm<\/p><\/div>\n<p><strong>Angelika Arendt<\/strong><br \/>\n&#8220;Under Construction&#8221;<br \/>\nKuratoren\/Curators R\u00f6mer + R\u00f6mer<\/p>\n<p>Beteiligte K\u00fcnstlerinnen und K\u00fcnstler: Minor Alexander, Erik Andersen, Angelika Arendt, Emanuel Bernstone, Viktoria Binschtok, Emmanuel Bornstein, Sophie Calle, Nezaket Ekici, Alex Flemming, Philipp F\u00fcrhofer, GODsDOGs, Anna Jermolaewa, Karsten Konrad, Miriam Lenk, Alexandra Ranner, Thomas Rentmeister, R\u00f6mer + R\u00f6mer, Michael Sailstorfer, Barth\u00e9l\u00e9my Toguo, Marcel van Eeden, Peter Weibel, Claudia Wieser, Christopher Winter, Vadim Zakharov, David Zink Yi<\/p>\n<p>Vernissage\/Private View: Freitag, 13. Januar 2017, 19 Uhr\/Friday, January 13, 2017, 7pm<\/p>\n<p>Laufzeit\/Duration: 13. bis 29. Januar 2017\/January 13 to 29, 2017<\/p>\n<p>Ausstellungsort\/Exhibition venue<br \/>\nSchau Fenster, Lobeckstr. 30-35, 10969 Berlin<br \/>\n<strong>November 2016 <\/strong><\/p>\n<p>salondergegenwart &#8211; Hamburg<\/p>\n<p><strong>Said Baalbaki<\/strong><\/p>\n<p>Vernissage\/Private View: 18. November 2016 16 Uhr\/November 6, 2016<\/p>\n<p>Laufzeit\/Duration: bis 20. November 2016 \/to November 7, 2016<\/p>\n<p>www.salondergegenwart.de<\/p>\n<p><a href=\"http:\/\/cundkgalerie.de\/wp-content\/uploads\/2013\/01\/Said-Baalbaki-aus-der-Serie-1.jpg\"><img loading=\"lazy\" decoding=\"async\" class=\"alignleft size-full wp-image-2812\" src=\"http:\/\/cundkgalerie.de\/wp-content\/uploads\/2013\/01\/Said-Baalbaki-aus-der-Serie-1.jpg\" alt=\"said-baalbaki-aus-der-serie\" width=\"480\" height=\"370\" \/><\/a><\/p>\n","protected":false},"excerpt":{"rendered":"<p>Matthias Stuchtey &#8220;ON A CLEAR DAY&#8221; mit Elma Riza, Christiane Rasch Vernissage\/Private View: Sonntag, 29. Januar 2017, 16 Uhr\/Sunday, January&#8230;<\/p>\n","protected":false},"author":1,"featured_media":0,"comment_status":"open","ping_status":"open","sticky":false,"template":"","format":"standard","meta":{"_monsterinsights_skip_tracking":false,"_monsterinsights_sitenote_active":false,"_monsterinsights_sitenote_note":"","_monsterinsights_sitenote_category":0,"footnotes":""},"categories":[11],"tags":[],"class_list":["post-3520","post","type-post","status-publish","format-standard","hentry","category-news"],"_links":{"self":[{"href":"https:\/\/cundkgalerie.de\/en\/wp-json\/wp\/v2\/posts\/3520","targetHints":{"allow":["GET"]}}],"collection":[{"href":"https:\/\/cundkgalerie.de\/en\/wp-json\/wp\/v2\/posts"}],"about":[{"href":"https:\/\/cundkgalerie.de\/en\/wp-json\/wp\/v2\/types\/post"}],"author":[{"embeddable":true,"href":"https:\/\/cundkgalerie.de\/en\/wp-json\/wp\/v2\/users\/1"}],"replies":[{"embeddable":true,"href":"https:\/\/cundkgalerie.de\/en\/wp-json\/wp\/v2\/comments?post=3520"}],"version-history":[{"count":6,"href":"https:\/\/cundkgalerie.de\/en\/wp-json\/wp\/v2\/posts\/3520\/revisions"}],"predecessor-version":[{"id":3926,"href":"https:\/\/cundkgalerie.de\/en\/wp-json\/wp\/v2\/posts\/3520\/revisions\/3926"}],"wp:attachment":[{"href":"https:\/\/cundkgalerie.de\/en\/wp-json\/wp\/v2\/media?parent=3520"}],"wp:term":[{"taxonomy":"category","embeddable":true,"href":"https:\/\/cundkgalerie.de\/en\/wp-json\/wp\/v2\/categories?post=3520"},{"taxonomy":"post_tag","embeddable":true,"href":"https:\/\/cundkgalerie.de\/en\/wp-json\/wp\/v2\/tags?post=3520"}],"curies":[{"name":"wp","href":"https:\/\/api.w.org\/{rel}","templated":true}]}}