{"id":3276,"date":"2017-03-05T19:25:11","date_gmt":"2017-03-05T18:25:11","guid":{"rendered":"http:\/\/cundkgalerie.de\/txm\/?p=3276"},"modified":"2021-03-18T17:39:12","modified_gmt":"2021-03-18T16:39:12","slug":"januar-2017","status":"publish","type":"post","link":"https:\/\/cundkgalerie.de\/en\/januar-2017\/","title":{"rendered":"AArtist in Residence Programm<br>Januar 2017"},"content":{"rendered":"<p><strong>AArtist in Residence \u2013 Ein Programm des Ausw\u00e4rtigen Amts (AA) in Zusammenarbeit mit dem Landesverband Berliner Galerien (lvbg)<\/strong><\/p>\n<p>Im Rahmen dieses einzigartigen und vorbildlichen Programms wird drei K\u00fcnstlern im Jahr die M\u00f6glichkeit gegeben, im obersten Stockwerk des Ausw\u00e4rtigen Amts Berlin in einem extra hierf\u00fcr zur Verf\u00fcgung gestellten Dach-Studio in Ruhe zu arbeiten und spezielle Projekte zu realisieren. Die Kulturpolitik des Ausw\u00e4rtigen Amts m\u00f6chte ihr Anliegen, Kulturen zu vernetzen, Dialog und Verst\u00e4ndigung zu f\u00f6rdern, u.a. durch diese Initiative vorantreiben.<br \/>\n<!--more--><\/p>\n<p>Wie wichtig dies selbst in dem liberalen Berlin ist, wird mir bei einer Sonderf\u00fchrung eines der Stipendiaten deutlich. Ahmed Kamel stellt seine Arbeiten vor, spricht von seiner Besch\u00e4ftigung mit Identit\u00e4t und deren Ausl\u00f6schung. Er spricht \u00fcber die pr\u00e4sentierte Schwarz-Wei\u00df-Leinwandarbeit, die er in arabischer Schrift mit einem pers\u00f6nlichen Text beschrieben hat, wobei er dann jedes zweite Wort mit wei\u00dfer Farbe durchstreicht. Der Text ist nicht mehr entzifferbar. \u00c4hnliches hat er mit seinen Tageb\u00fcchern vor, die er ausl\u00f6schen will, indem er sie zu einem Objekt umformt. \u201eUngeschehen\u201c hei\u00dft diese Arbeitsreihe, in der er grundlegende menschliche Sehns\u00fcchte und Hoffnungen reflektiert. Er arbeitet ganz Zeitgenosse multimedial und konzeptionell und gibt seine Erkl\u00e4rungen in einer mittlerweile globalen Sprache der Kunst ab.<br \/>\nAls das Publikum Fragen stellen kann betretenes Schweigen, nur eine einzige Frage kommt auf:<br \/>\nSie kommen aus einem muslimischen Land, spielt Religion eine Rolle in Ihren Arbeiten? Ich falle fast um. Wie sehr haben sich da die undifferenzierten und teilweise populistischen Sichtweisen hinsichtlich der Fl\u00fcchtlingspolitik und die Schwarz-Wei\u00df-Muster hinsichtlich der muslimischen Religion schon in die K\u00f6pfe gebohrt?<br \/>\nEs gab in der gesamten Vorstellung seiner Sichtweisen oder konkret in den pr\u00e4sentierten Arbeiten nicht das geringste Anzeichen f\u00fcr eine Besch\u00e4ftigung mit religi\u00f6sen Themen bei diesem K\u00fcnstler.<br \/>\nW\u00e4re er ein D\u00e4ne oder Amerikaner, niemals h\u00e4tte der Besucher diese Frage nach der Religion gestellt.<\/p>\n<p>Auf die Terrasse heraustretend entfaltet sich die Weite der Stadt.<\/p>\n<p>Christiane B\u00fchling<\/p>\n","protected":false},"excerpt":{"rendered":"<p>AArtist in Residence \u2013 Ein Programm des Ausw\u00e4rtigen Amts (AA) in Zusammenarbeit mit dem Landesverband Berliner Galerien (lvbg) Im Rahmen&#8230;<\/p>\n","protected":false},"author":1,"featured_media":0,"comment_status":"closed","ping_status":"closed","sticky":false,"template":"","format":"standard","meta":{"_monsterinsights_skip_tracking":false,"_monsterinsights_sitenote_active":false,"_monsterinsights_sitenote_note":"","_monsterinsights_sitenote_category":0,"footnotes":""},"categories":[10],"tags":[],"class_list":["post-3276","post","type-post","status-publish","format-standard","hentry","category-blog"],"_links":{"self":[{"href":"https:\/\/cundkgalerie.de\/en\/wp-json\/wp\/v2\/posts\/3276","targetHints":{"allow":["GET"]}}],"collection":[{"href":"https:\/\/cundkgalerie.de\/en\/wp-json\/wp\/v2\/posts"}],"about":[{"href":"https:\/\/cundkgalerie.de\/en\/wp-json\/wp\/v2\/types\/post"}],"author":[{"embeddable":true,"href":"https:\/\/cundkgalerie.de\/en\/wp-json\/wp\/v2\/users\/1"}],"replies":[{"embeddable":true,"href":"https:\/\/cundkgalerie.de\/en\/wp-json\/wp\/v2\/comments?post=3276"}],"version-history":[{"count":4,"href":"https:\/\/cundkgalerie.de\/en\/wp-json\/wp\/v2\/posts\/3276\/revisions"}],"predecessor-version":[{"id":10475,"href":"https:\/\/cundkgalerie.de\/en\/wp-json\/wp\/v2\/posts\/3276\/revisions\/10475"}],"wp:attachment":[{"href":"https:\/\/cundkgalerie.de\/en\/wp-json\/wp\/v2\/media?parent=3276"}],"wp:term":[{"taxonomy":"category","embeddable":true,"href":"https:\/\/cundkgalerie.de\/en\/wp-json\/wp\/v2\/categories?post=3276"},{"taxonomy":"post_tag","embeddable":true,"href":"https:\/\/cundkgalerie.de\/en\/wp-json\/wp\/v2\/tags?post=3276"}],"curies":[{"name":"wp","href":"https:\/\/api.w.org\/{rel}","templated":true}]}}